{"id":14871,"date":"2022-01-12T10:10:41","date_gmt":"2022-01-12T09:10:41","guid":{"rendered":"https:\/\/cecit.es\/?p=14871"},"modified":"2022-01-12T11:08:50","modified_gmt":"2022-01-12T10:08:50","slug":"societe-bcn-vision-morocco","status":"publish","type":"post","link":"https:\/\/cecit.es\/fr\/societe-bcn-vision-morocco\/","title":{"rendered":"Soci\u00e9t\u00e9 : BCN VISION MOROCCO"},"content":{"rendered":"<div class=\"wpb-content-wrapper\"><p>[vc_row][vc_column][vc_column_text]<\/p>\n<table width=\"623\">\n<tbody>\n<tr>\n<td width=\"113\">Fecha<\/td>\n<td width=\"510\"><b>10 Janvier 2022<\/b><\/td>\n<\/tr>\n<tr>\n<td width=\"113\">Empresa<\/td>\n<td width=\"510\"><b>BCN VISION MOROCCO<\/b><\/td>\n<\/tr>\n<tr>\n<td width=\"113\">Actividad<\/td>\n<td width=\"510\">\n<p style=\"font-weight: 400;\">Groupe de soci\u00e9t\u00e9s espagnoles, op\u00e9rant dans le domaine de conception, installation et maintenance de syst\u00e8me de vision artificielle pour les diff\u00e9rents secteurs industriels : (Automotive-Logistique-<wbr \/>Pharmaceutique-<wbr \/>Agroalimentaire-packaging)<\/p>\n<\/td>\n<\/tr>\n<tr>\n<td width=\"113\">Oportunidad<\/td>\n<td width=\"510\">Offre des solutions r\u00e9parties sur plusieurs secteurs d\u2019activit\u00e9 : Pharmaceutique, Automotive, A\u00e9ronautique, \u00c9lectronique, Alimentation\u2026 et les soci\u00e9t\u00e9s qui jouent le r\u00f4le d\u00b4int\u00e9grateur et installateur des solutions industrielles :<\/p>\n<ul>\n<li style=\"font-weight: 400;\">\u00a0Inspection et Contr\u00f4le qualit\u00e9 ;<\/li>\n<li style=\"font-weight: 400;\">Lecture et V\u00e9rification des codes \u00e0 barres ;<\/li>\n<li style=\"font-weight: 400;\">Guidage robotique ;<\/li>\n<li style=\"font-weight: 400;\">M\u00e9trologie avanc\u00e9e.<\/li>\n<\/ul>\n<\/td>\n<\/tr>\n<tr>\n<td width=\"113\">Contacto<\/td>\n<td width=\"510\">M. Mohammed EL HADDADI<\/td>\n<\/tr>\n<tr>\n<td width=\"113\">Tel\u00e9fono<\/td>\n<td width=\"510\">+212 664 02 63 65<\/td>\n<\/tr>\n<tr>\n<td width=\"113\">E-mail<\/td>\n<td width=\"510\"><a href=\"mailto:mohammed.elhaddadi@bcnvision.es\" target=\"_blank\" rel=\"noopener\">mohammed.elhaddadi@bcnvision.<wbr \/>es<\/a><\/td>\n<\/tr>\n<tr>\n<td width=\"113\">Direcci\u00f3n<\/td>\n<td width=\"510\">4, rue 1, local 2, Florencia<\/td>\n<\/tr>\n<tr>\n<td width=\"113\">Pa\u00eds<\/td>\n<td width=\"510\">Tanger &#8211; Maroc<\/td>\n<\/tr>\n<\/tbody>\n<\/table>\n<p>[\/vc_column_text][\/vc_column][\/vc_row]<\/p>\n<\/div>","protected":false},"excerpt":{"rendered":"<p>[vc_row][vc_column][vc_column_text] Fecha 10 Janvier 2022 Empresa BCN VISION MOROCCO Actividad Groupe de soci\u00e9t\u00e9s espagnoles, op\u00e9rant dans le domaine de conception, installation et maintenance de syst\u00e8me de<span class=\"excerpt-hellip\"> [\u2026]<\/span><\/p>\n","protected":false},"author":3425,"featured_media":14875,"comment_status":"closed","ping_status":"closed","sticky":false,"template":"","format":"standard","meta":{"footnotes":""},"categories":[634,633],"tags":[],"class_list":["post-14871","post","type-post","status-publish","format-standard","has-post-thumbnail","hentry","category-oportunidades-fr","category-bienes-industriales-fr"],"yoast_head":"<!-- This site is optimized with the Yoast SEO plugin v26.2 - https:\/\/yoast.com\/wordpress\/plugins\/seo\/ -->\n<title>Soci\u00e9t\u00e9 : BCN VISION MOROCCO - CECIT<\/title>\n<meta name=\"robots\" content=\"index, follow, max-snippet:-1, max-image-preview:large, max-video-preview:-1\" \/>\n<link rel=\"canonical\" href=\"https:\/\/cecit.es\/fr\/societe-bcn-vision-morocco\/\" \/>\n<meta property=\"og:locale\" content=\"fr_FR\" \/>\n<meta property=\"og:type\" content=\"article\" \/>\n<meta property=\"og:title\" content=\"Soci\u00e9t\u00e9 : BCN VISION MOROCCO - CECIT\" \/>\n<meta property=\"og:description\" content=\"[vc_row][vc_column][vc_column_text] Fecha 10 Janvier 2022 Empresa BCN VISION MOROCCO Actividad Groupe de soci\u00e9t\u00e9s espagnoles, op\u00e9rant dans le domaine de conception, installation et maintenance de syst\u00e8me de [\u2026]\" \/>\n<meta property=\"og:url\" content=\"https:\/\/cecit.es\/fr\/societe-bcn-vision-morocco\/\" \/>\n<meta property=\"og:site_name\" content=\"CECIT\" \/>\n<meta property=\"article:publisher\" content=\"https:\/\/www.facebook.com\/camaratanger\/\" \/>\n<meta property=\"article:published_time\" content=\"2022-01-12T09:10:41+00:00\" \/>\n<meta property=\"article:modified_time\" content=\"2022-01-12T10:08:50+00:00\" \/>\n<meta property=\"og:image\" content=\"https:\/\/cecit.es\/wp-content\/uploads\/2022\/01\/bcnvision-morocco.jpg\" \/>\n\t<meta property=\"og:image:width\" content=\"520\" \/>\n\t<meta property=\"og:image:height\" content=\"320\" \/>\n\t<meta property=\"og:image:type\" content=\"image\/jpeg\" \/>\n<meta name=\"author\" content=\"Laila Kouch C\u00e1rdenas\" \/>\n<meta name=\"twitter:card\" content=\"summary_large_image\" \/>\n<meta name=\"twitter:label1\" content=\"\u00c9crit par\" \/>\n\t<meta name=\"twitter:data1\" content=\"Laila Kouch C\u00e1rdenas\" \/>\n\t<meta name=\"twitter:label2\" content=\"Dur\u00e9e de lecture estim\u00e9e\" \/>\n\t<meta name=\"twitter:data2\" content=\"1 minute\" \/>\n<script type=\"application\/ld+json\" class=\"yoast-schema-graph\">{\"@context\":\"https:\/\/schema.org\",\"@graph\":[{\"@type\":\"Article\",\"@id\":\"https:\/\/cecit.es\/fr\/societe-bcn-vision-morocco\/#article\",\"isPartOf\":{\"@id\":\"https:\/\/cecit.es\/fr\/societe-bcn-vision-morocco\/\"},\"author\":{\"name\":\"Laila Kouch C\u00e1rdenas\",\"@id\":\"https:\/\/cecit.es\/fr\/#\/schema\/person\/f1288af7ec027e2ceb658d9ee227b406\"},\"headline\":\"Soci\u00e9t\u00e9 : BCN VISION MOROCCO\",\"datePublished\":\"2022-01-12T09:10:41+00:00\",\"dateModified\":\"2022-01-12T10:08:50+00:00\",\"mainEntityOfPage\":{\"@id\":\"https:\/\/cecit.es\/fr\/societe-bcn-vision-morocco\/\"},\"wordCount\":130,\"publisher\":{\"@id\":\"https:\/\/cecit.es\/fr\/#organization\"},\"image\":{\"@id\":\"https:\/\/cecit.es\/fr\/societe-bcn-vision-morocco\/#primaryimage\"},\"thumbnailUrl\":\"https:\/\/cecit.es\/wp-content\/uploads\/2022\/01\/bcnvision-morocco.jpg\",\"articleSection\":[\"Oportunidades\",\"Produits Industriels\"],\"inLanguage\":\"fr-FR\"},{\"@type\":\"WebPage\",\"@id\":\"https:\/\/cecit.es\/fr\/societe-bcn-vision-morocco\/\",\"url\":\"https:\/\/cecit.es\/fr\/societe-bcn-vision-morocco\/\",\"name\":\"Soci\u00e9t\u00e9 : BCN VISION MOROCCO - CECIT\",\"isPartOf\":{\"@id\":\"https:\/\/cecit.es\/fr\/#website\"},\"primaryImageOfPage\":{\"@id\":\"https:\/\/cecit.es\/fr\/societe-bcn-vision-morocco\/#primaryimage\"},\"image\":{\"@id\":\"https:\/\/cecit.es\/fr\/societe-bcn-vision-morocco\/#primaryimage\"},\"thumbnailUrl\":\"https:\/\/cecit.es\/wp-content\/uploads\/2022\/01\/bcnvision-morocco.jpg\",\"datePublished\":\"2022-01-12T09:10:41+00:00\",\"dateModified\":\"2022-01-12T10:08:50+00:00\",\"breadcrumb\":{\"@id\":\"https:\/\/cecit.es\/fr\/societe-bcn-vision-morocco\/#breadcrumb\"},\"inLanguage\":\"fr-FR\",\"potentialAction\":[{\"@type\":\"ReadAction\",\"target\":[\"https:\/\/cecit.es\/fr\/societe-bcn-vision-morocco\/\"]}]},{\"@type\":\"ImageObject\",\"inLanguage\":\"fr-FR\",\"@id\":\"https:\/\/cecit.es\/fr\/societe-bcn-vision-morocco\/#primaryimage\",\"url\":\"https:\/\/cecit.es\/wp-content\/uploads\/2022\/01\/bcnvision-morocco.jpg\",\"contentUrl\":\"https:\/\/cecit.es\/wp-content\/uploads\/2022\/01\/bcnvision-morocco.jpg\",\"width\":520,\"height\":320,\"caption\":\"BCN VISION MOROCCO\"},{\"@type\":\"BreadcrumbList\",\"@id\":\"https:\/\/cecit.es\/fr\/societe-bcn-vision-morocco\/#breadcrumb\",\"itemListElement\":[{\"@type\":\"ListItem\",\"position\":1,\"name\":\"Portada\",\"item\":\"https:\/\/cecit.es\/fr\/\"},{\"@type\":\"ListItem\",\"position\":2,\"name\":\"Soci\u00e9t\u00e9 : BCN VISION MOROCCO\"}]},{\"@type\":\"WebSite\",\"@id\":\"https:\/\/cecit.es\/fr\/#website\",\"url\":\"https:\/\/cecit.es\/fr\/\",\"name\":\"CECIT\",\"description\":\"Chambre de commerce officielle d&#039;Espagne \u00e0 Tanger\",\"publisher\":{\"@id\":\"https:\/\/cecit.es\/fr\/#organization\"},\"potentialAction\":[{\"@type\":\"SearchAction\",\"target\":{\"@type\":\"EntryPoint\",\"urlTemplate\":\"https:\/\/cecit.es\/fr\/?s={search_term_string}\"},\"query-input\":{\"@type\":\"PropertyValueSpecification\",\"valueRequired\":true,\"valueName\":\"search_term_string\"}}],\"inLanguage\":\"fr-FR\"},{\"@type\":\"Organization\",\"@id\":\"https:\/\/cecit.es\/fr\/#organization\",\"name\":\"C\u00e1mara Oficial de Comercio de Espa\u00f1a en T\u00e1nger\",\"url\":\"https:\/\/cecit.es\/fr\/\",\"logo\":{\"@type\":\"ImageObject\",\"inLanguage\":\"fr-FR\",\"@id\":\"https:\/\/cecit.es\/fr\/#\/schema\/logo\/image\/\",\"url\":\"https:\/\/cecit.es\/wp-content\/uploads\/2021\/11\/cecit.png\",\"contentUrl\":\"https:\/\/cecit.es\/wp-content\/uploads\/2021\/11\/cecit.png\",\"width\":800,\"height\":493,\"caption\":\"C\u00e1mara Oficial de Comercio de Espa\u00f1a en T\u00e1nger\"},\"image\":{\"@id\":\"https:\/\/cecit.es\/fr\/#\/schema\/logo\/image\/\"},\"sameAs\":[\"https:\/\/www.facebook.com\/camaratanger\/\"]},{\"@type\":\"Person\",\"@id\":\"https:\/\/cecit.es\/fr\/#\/schema\/person\/f1288af7ec027e2ceb658d9ee227b406\",\"name\":\"Laila Kouch C\u00e1rdenas\",\"image\":{\"@type\":\"ImageObject\",\"inLanguage\":\"fr-FR\",\"@id\":\"https:\/\/cecit.es\/fr\/#\/schema\/person\/image\/\",\"url\":\"https:\/\/secure.gravatar.com\/avatar\/07bbf0419898ebaa1fa55648af7812ab9f20b18229bd120eb81b23aa386a79ae?s=96&d=mm&r=g\",\"contentUrl\":\"https:\/\/secure.gravatar.com\/avatar\/07bbf0419898ebaa1fa55648af7812ab9f20b18229bd120eb81b23aa386a79ae?s=96&d=mm&r=g\",\"caption\":\"Laila Kouch C\u00e1rdenas\"}}]}<\/script>\n<!-- \/ Yoast SEO plugin. -->","yoast_head_json":{"title":"Soci\u00e9t\u00e9 : BCN VISION MOROCCO - CECIT","robots":{"index":"index","follow":"follow","max-snippet":"max-snippet:-1","max-image-preview":"max-image-preview:large","max-video-preview":"max-video-preview:-1"},"canonical":"https:\/\/cecit.es\/fr\/societe-bcn-vision-morocco\/","og_locale":"fr_FR","og_type":"article","og_title":"Soci\u00e9t\u00e9 : BCN VISION MOROCCO - CECIT","og_description":"[vc_row][vc_column][vc_column_text] Fecha 10 Janvier 2022 Empresa BCN VISION MOROCCO Actividad Groupe de soci\u00e9t\u00e9s espagnoles, op\u00e9rant dans le domaine de conception, installation et maintenance de syst\u00e8me de [\u2026]","og_url":"https:\/\/cecit.es\/fr\/societe-bcn-vision-morocco\/","og_site_name":"CECIT","article_publisher":"https:\/\/www.facebook.com\/camaratanger\/","article_published_time":"2022-01-12T09:10:41+00:00","article_modified_time":"2022-01-12T10:08:50+00:00","og_image":[{"width":520,"height":320,"url":"https:\/\/cecit.es\/wp-content\/uploads\/2022\/01\/bcnvision-morocco.jpg","type":"image\/jpeg"}],"author":"Laila Kouch C\u00e1rdenas","twitter_card":"summary_large_image","twitter_misc":{"\u00c9crit par":"Laila Kouch C\u00e1rdenas","Dur\u00e9e de lecture estim\u00e9e":"1 minute"},"schema":{"@context":"https:\/\/schema.org","@graph":[{"@type":"Article","@id":"https:\/\/cecit.es\/fr\/societe-bcn-vision-morocco\/#article","isPartOf":{"@id":"https:\/\/cecit.es\/fr\/societe-bcn-vision-morocco\/"},"author":{"name":"Laila Kouch C\u00e1rdenas","@id":"https:\/\/cecit.es\/fr\/#\/schema\/person\/f1288af7ec027e2ceb658d9ee227b406"},"headline":"Soci\u00e9t\u00e9 : BCN VISION MOROCCO","datePublished":"2022-01-12T09:10:41+00:00","dateModified":"2022-01-12T10:08:50+00:00","mainEntityOfPage":{"@id":"https:\/\/cecit.es\/fr\/societe-bcn-vision-morocco\/"},"wordCount":130,"publisher":{"@id":"https:\/\/cecit.es\/fr\/#organization"},"image":{"@id":"https:\/\/cecit.es\/fr\/societe-bcn-vision-morocco\/#primaryimage"},"thumbnailUrl":"https:\/\/cecit.es\/wp-content\/uploads\/2022\/01\/bcnvision-morocco.jpg","articleSection":["Oportunidades","Produits Industriels"],"inLanguage":"fr-FR"},{"@type":"WebPage","@id":"https:\/\/cecit.es\/fr\/societe-bcn-vision-morocco\/","url":"https:\/\/cecit.es\/fr\/societe-bcn-vision-morocco\/","name":"Soci\u00e9t\u00e9 : BCN VISION MOROCCO - CECIT","isPartOf":{"@id":"https:\/\/cecit.es\/fr\/#website"},"primaryImageOfPage":{"@id":"https:\/\/cecit.es\/fr\/societe-bcn-vision-morocco\/#primaryimage"},"image":{"@id":"https:\/\/cecit.es\/fr\/societe-bcn-vision-morocco\/#primaryimage"},"thumbnailUrl":"https:\/\/cecit.es\/wp-content\/uploads\/2022\/01\/bcnvision-morocco.jpg","datePublished":"2022-01-12T09:10:41+00:00","dateModified":"2022-01-12T10:08:50+00:00","breadcrumb":{"@id":"https:\/\/cecit.es\/fr\/societe-bcn-vision-morocco\/#breadcrumb"},"inLanguage":"fr-FR","potentialAction":[{"@type":"ReadAction","target":["https:\/\/cecit.es\/fr\/societe-bcn-vision-morocco\/"]}]},{"@type":"ImageObject","inLanguage":"fr-FR","@id":"https:\/\/cecit.es\/fr\/societe-bcn-vision-morocco\/#primaryimage","url":"https:\/\/cecit.es\/wp-content\/uploads\/2022\/01\/bcnvision-morocco.jpg","contentUrl":"https:\/\/cecit.es\/wp-content\/uploads\/2022\/01\/bcnvision-morocco.jpg","width":520,"height":320,"caption":"BCN VISION MOROCCO"},{"@type":"BreadcrumbList","@id":"https:\/\/cecit.es\/fr\/societe-bcn-vision-morocco\/#breadcrumb","itemListElement":[{"@type":"ListItem","position":1,"name":"Portada","item":"https:\/\/cecit.es\/fr\/"},{"@type":"ListItem","position":2,"name":"Soci\u00e9t\u00e9 : BCN VISION MOROCCO"}]},{"@type":"WebSite","@id":"https:\/\/cecit.es\/fr\/#website","url":"https:\/\/cecit.es\/fr\/","name":"CECIT","description":"Chambre de commerce officielle d&#039;Espagne \u00e0 Tanger","publisher":{"@id":"https:\/\/cecit.es\/fr\/#organization"},"potentialAction":[{"@type":"SearchAction","target":{"@type":"EntryPoint","urlTemplate":"https:\/\/cecit.es\/fr\/?s={search_term_string}"},"query-input":{"@type":"PropertyValueSpecification","valueRequired":true,"valueName":"search_term_string"}}],"inLanguage":"fr-FR"},{"@type":"Organization","@id":"https:\/\/cecit.es\/fr\/#organization","name":"C\u00e1mara Oficial de Comercio de Espa\u00f1a en T\u00e1nger","url":"https:\/\/cecit.es\/fr\/","logo":{"@type":"ImageObject","inLanguage":"fr-FR","@id":"https:\/\/cecit.es\/fr\/#\/schema\/logo\/image\/","url":"https:\/\/cecit.es\/wp-content\/uploads\/2021\/11\/cecit.png","contentUrl":"https:\/\/cecit.es\/wp-content\/uploads\/2021\/11\/cecit.png","width":800,"height":493,"caption":"C\u00e1mara Oficial de Comercio de Espa\u00f1a en T\u00e1nger"},"image":{"@id":"https:\/\/cecit.es\/fr\/#\/schema\/logo\/image\/"},"sameAs":["https:\/\/www.facebook.com\/camaratanger\/"]},{"@type":"Person","@id":"https:\/\/cecit.es\/fr\/#\/schema\/person\/f1288af7ec027e2ceb658d9ee227b406","name":"Laila Kouch C\u00e1rdenas","image":{"@type":"ImageObject","inLanguage":"fr-FR","@id":"https:\/\/cecit.es\/fr\/#\/schema\/person\/image\/","url":"https:\/\/secure.gravatar.com\/avatar\/07bbf0419898ebaa1fa55648af7812ab9f20b18229bd120eb81b23aa386a79ae?s=96&d=mm&r=g","contentUrl":"https:\/\/secure.gravatar.com\/avatar\/07bbf0419898ebaa1fa55648af7812ab9f20b18229bd120eb81b23aa386a79ae?s=96&d=mm&r=g","caption":"Laila Kouch C\u00e1rdenas"}}]}},"_links":{"self":[{"href":"https:\/\/cecit.es\/fr\/wp-json\/wp\/v2\/posts\/14871","targetHints":{"allow":["GET"]}}],"collection":[{"href":"https:\/\/cecit.es\/fr\/wp-json\/wp\/v2\/posts"}],"about":[{"href":"https:\/\/cecit.es\/fr\/wp-json\/wp\/v2\/types\/post"}],"author":[{"embeddable":true,"href":"https:\/\/cecit.es\/fr\/wp-json\/wp\/v2\/users\/3425"}],"replies":[{"embeddable":true,"href":"https:\/\/cecit.es\/fr\/wp-json\/wp\/v2\/comments?post=14871"}],"version-history":[{"count":3,"href":"https:\/\/cecit.es\/fr\/wp-json\/wp\/v2\/posts\/14871\/revisions"}],"predecessor-version":[{"id":14878,"href":"https:\/\/cecit.es\/fr\/wp-json\/wp\/v2\/posts\/14871\/revisions\/14878"}],"wp:featuredmedia":[{"embeddable":true,"href":"https:\/\/cecit.es\/fr\/wp-json\/wp\/v2\/media\/14875"}],"wp:attachment":[{"href":"https:\/\/cecit.es\/fr\/wp-json\/wp\/v2\/media?parent=14871"}],"wp:term":[{"taxonomy":"category","embeddable":true,"href":"https:\/\/cecit.es\/fr\/wp-json\/wp\/v2\/categories?post=14871"},{"taxonomy":"post_tag","embeddable":true,"href":"https:\/\/cecit.es\/fr\/wp-json\/wp\/v2\/tags?post=14871"}],"curies":[{"name":"wp","href":"https:\/\/api.w.org\/{rel}","templated":true}]}}